{"id":1227,"date":"2025-05-07T12:24:49","date_gmt":"2025-05-07T11:24:49","guid":{"rendered":"https:\/\/www.cecls.eu\/fr\/?p=1227"},"modified":"2025-06-30T08:51:15","modified_gmt":"2025-06-30T07:51:15","slug":"la-guerre-contre-le-terrorisme-comme-rivalite-mimetique","status":"publish","type":"post","link":"https:\/\/www.cecls.eu\/fr\/la-guerre-contre-le-terrorisme-comme-rivalite-mimetique\/","title":{"rendered":"La guerre contre le terrorisme comme rivalit\u00e9 mim\u00e9tique"},"content":{"rendered":"<p style=\"text-align: justify;\">Les notions de fanatisme et d\u2019imp\u00e9rialisme permettent-elles s\u00e9rieusement d\u2019expliquer le terrorisme et les guerres contre celui-ci? Et si notre comprehension de ces ph\u00e9nom\u00e8nes devait \u00eatre repens\u00e9e \u00e0 l\u2019aune de ce que Ren\u00e9 Girard appelle le mim\u00e9tisme, \u00e0 savoir l\u2019id\u00e9e selon laquelle les uns et les autres s\u2019imitent pour produire, ensemble, l\u2019escalade de la violence? S\u2019appuyant sur une enqu\u00eate socio-historique \u00e0 base d\u2019archives et d\u2019entretiens, Mathias Delori analyse comment djihadistes, responsables politiques, journalistes et pseudo experts en \u00abradicalisation\u00bb ont pendant trente ans sap\u00e9 la r\u00e9flexion strat\u00e9gique pour produire un monde o\u00f9 les attentats ont r\u00e9pondu aux bombardements et les bombardements aux attentats.<\/p>\n<div class=\"info col-xs-9 pull-right\">\n<h3 class=\"title max-character-width-80-ragged\">La guerre contre le terrorisme comme rivalit\u00e9 mim\u00e9tique<\/h3>\n<div class=\"authors text-muted max-character-width-60\">de <span class=\"comma-list\"> Mathias Delori (Auteur) <\/span><\/div>\n<div class=\"misc text-muted\"><span class=\"comma-list\"> \u00a92025 Monographies XXIV, 262 Pages <\/span><\/div>\n<div class=\"subject text-muted\"><a href=\"https:\/\/www.peterlang.com\/catalog\/poli-hist\">Histoire et Science Politique<\/a><\/div>\n<div class=\"series text-muted\">Collection\u00a0<span class=\"comma-list\"> <a href=\"https:\/\/www.peterlang.com\/series\/explo\">Explosive Politics<\/a>, Volume 5 <\/span><\/div>\n<\/div>\n","protected":false},"excerpt":{"rendered":"<p>Les notions de fanatisme et d\u2019imp\u00e9rialisme permettent-elles s\u00e9rieusement d\u2019expliquer le terrorisme et les guerres contre celui-ci? Et si notre comprehension [&hellip;]<\/p>\n","protected":false},"author":1,"featured_media":1229,"comment_status":"closed","ping_status":"open","sticky":false,"template":"","format":"image","meta":{"_acf_changed":false,"advanced_seo_description":"","jetpack_seo_html_title":"","jetpack_seo_noindex":false,"jetpack_post_was_ever_published":false,"_jetpack_newsletter_access":"","_jetpack_dont_email_post_to_subs":false,"_jetpack_newsletter_tier_id":0,"_jetpack_memberships_contains_paywalled_content":false,"_jetpack_memberships_contains_paid_content":false,"footnotes":"","jetpack_publicize_message":"","jetpack_publicize_feature_enabled":true,"jetpack_social_post_already_shared":true,"jetpack_social_options":{"image_generator_settings":{"template":"highway","default_image_id":0,"enabled":false},"version":2}},"categories":[50,11],"tags":[],"class_list":["post-1227","post","type-post","status-publish","format-image","has-post-thumbnail","hentry","category-publication","category-terrorisme","post_format-post-format-image"],"acf":[],"jetpack_publicize_connections":[],"jetpack_featured_media_url":"https:\/\/i0.wp.com\/www.cecls.eu\/fr\/wp-content\/uploads\/2025\/05\/maxime-lebrun-1o2071GOVp0-unsplash-scaled.jpg?fit=2560%2C1441&ssl=1","jetpack_sharing_enabled":true,"jetpack_shortlink":"https:\/\/wp.me\/p9dRVv-jN","jetpack_likes_enabled":true,"jetpack-related-posts":[],"_links":{"self":[{"href":"https:\/\/www.cecls.eu\/fr\/wp-json\/wp\/v2\/posts\/1227","targetHints":{"allow":["GET"]}}],"collection":[{"href":"https:\/\/www.cecls.eu\/fr\/wp-json\/wp\/v2\/posts"}],"about":[{"href":"https:\/\/www.cecls.eu\/fr\/wp-json\/wp\/v2\/types\/post"}],"author":[{"embeddable":true,"href":"https:\/\/www.cecls.eu\/fr\/wp-json\/wp\/v2\/users\/1"}],"replies":[{"embeddable":true,"href":"https:\/\/www.cecls.eu\/fr\/wp-json\/wp\/v2\/comments?post=1227"}],"version-history":[{"count":1,"href":"https:\/\/www.cecls.eu\/fr\/wp-json\/wp\/v2\/posts\/1227\/revisions"}],"predecessor-version":[{"id":1228,"href":"https:\/\/www.cecls.eu\/fr\/wp-json\/wp\/v2\/posts\/1227\/revisions\/1228"}],"wp:featuredmedia":[{"embeddable":true,"href":"https:\/\/www.cecls.eu\/fr\/wp-json\/wp\/v2\/media\/1229"}],"wp:attachment":[{"href":"https:\/\/www.cecls.eu\/fr\/wp-json\/wp\/v2\/media?parent=1227"}],"wp:term":[{"taxonomy":"category","embeddable":true,"href":"https:\/\/www.cecls.eu\/fr\/wp-json\/wp\/v2\/categories?post=1227"},{"taxonomy":"post_tag","embeddable":true,"href":"https:\/\/www.cecls.eu\/fr\/wp-json\/wp\/v2\/tags?post=1227"}],"curies":[{"name":"wp","href":"https:\/\/api.w.org\/{rel}","templated":true}]}}